{"id":449,"date":"2024-07-16T14:48:54","date_gmt":"2024-07-16T19:48:54","guid":{"rendered":"https:\/\/vegayjaramillo.com\/?p=449"},"modified":"2024-07-16T14:48:55","modified_gmt":"2024-07-16T19:48:55","slug":"la-casa-de-los-espiritus","status":"publish","type":"post","link":"https:\/\/vegayjaramillo.com\/en\/blog\/la-casa-de-los-espiritus\/","title":{"rendered":"La casa de los esp\u00edritus"},"content":{"rendered":"<p><\/p>\n\n\n\n<p>Despu\u00e9s de un arduo trabajo en nuestra empresa <a href=\"https:\/\/www.linkedin.com\/company\/vega-y-jaramillo-comunicaciones\/\">Vega &amp; Jaramillo Comunicaciones<\/a>, hace unos a\u00f1os logramos reunir un dinero para comprar nuestra propia sede: una casa en el norte de la ciudad. La emoci\u00f3n era muy grande. Hicimos una remodelaci\u00f3n para ajustarla a nuestras necesidades y gustos, y compramos algunos muebles y objetos para que todos nos sinti\u00e9ramos m\u00e1s en un hogar, que en una oficina. El resultado fue incre\u00edble. Todos est\u00e1bamos felices de compartir este nuevo espacio que marcar\u00eda el inicio de una etapa de m\u00e1s prosperidad y felicidad para empleados y clientes. Pero entonces\u2026, y solo unos d\u00edas despu\u00e9s, lleg\u00f3 la <strong>pandemia<\/strong> y el 25 de marzo de 2020, hace 4 a\u00f1os exactos, se declar\u00f3 la cuarentena en Colombia. Durante casi 1 a\u00f1o, la bella casa remodelada, estuvo completamente vac\u00eda.&nbsp;<\/p>\n\n\n\n<p>Por unas semanas pensamos que ser\u00eda algo pasajero. Pero cuando comenzamos a ver los efectos del virus en todo el mundo, e iniciaron las muertes en Colombia, nos dimos cuenta de que era mucho m\u00e1s serio de lo nadie hab\u00eda imaginado.<\/p>\n\n\n\n<p>La pandemia nos cambi\u00f3 la vida a todos. A muchos se las alter\u00f3 para siempre, con muertos cercanos entre sus familiares y amigos. A otros les afect\u00f3 tanto sus negocios que terminaron cerrando y llenos de deudas. Y a todos nos cambi\u00f3 la forma de comunicarnos, de trabajar y de relacionarnos con la salud y la muerte.&nbsp;<\/p>\n\n\n\n<p>Lo raro es que ya han pasado cuatro a\u00f1os &#8211; \u00a14 largos a\u00f1os!- desde el d\u00eda en que el mundo se detuvo y nos inund\u00f3 el miedo. Dicen que lo \u00fanico seguro en la vida es la muerte. Nosotras creemos todo lo contrario: lo \u00fanico seguro es la vida. Y no hay otra opci\u00f3n, por dura que sea la realidad, que seguir adelante.&nbsp;<\/p>\n\n\n\n<p>Como cientos de miles de negocios en el mundo, incluso los que depend\u00edan de la presencialidad, Vega &amp; Jaramillo sigui\u00f3 trabajando, por Zoom, Teams o Meet, con la misma pasi\u00f3n y compromiso que siempre. Las estrategias e ideas creativas continuaron brotando de ese equipo de profesionales que se acomodaron a la nueva situaci\u00f3n.&nbsp;<\/p>\n\n\n\n<p>La pandemia nos dej\u00f3 muchas lecciones. Algunas las aprendimos; otras ya se nos olvidaron (como usar tapabocas para no esparcir el virus de la gripa por el mundo). Pero la gran lecci\u00f3n, as\u00ed suene a clich\u00e9, es la resiliencia. Es darnos cuenta de que, aunque el mundo se ponga patas arriba, tenemos la fuerza, el entusiasmo y el ingenio para salir adelante.&nbsp;<\/p>\n\n\n\n<p>Hoy en Colombia hay un creciente sentimiento de desesperanza y pesimismo generalizado. Muchos creen que estamos viviendo una crisis seria de la cual no vamos a salir bien. \u00bfEn serio vamos a creer eso, despu\u00e9s de haber superado una pandemia mundial, que parec\u00eda m\u00e1s una pel\u00edcula apocal\u00edptica de Hollywood? \u00bfNo nos ha quedado claro que la especie humana, por m\u00e1s defectos que tenga, es capaz de superar cualquier desaf\u00edo, por terrible que sea?<\/p>\n\n\n\n<p>Nosotras tuvimos que cerrar nuestra renovada oficina y comenzar a trabajar desde las casas, y la empresa resisti\u00f3 la embestida del Covid. Porque el secreto no est\u00e1 en el edificio, ni en la ciudad, ni en el pa\u00eds. La magia est\u00e1 en otra parte.&nbsp;<\/p>\n\n\n\n<p>El esp\u00edritu de <strong>Vega &amp; Jaramillo<\/strong> est\u00e1 en la berraquera de su gente; en la responsabilidad con nuestros clientes; en el know how de a\u00f1os de experiencia; y en la esperanza y optimismo por seguir aportando a nuestras familias y a la sociedad. Si todo esto estuviera en riesgo, ah\u00ed s\u00ed se derrumbar\u00eda la empresa. La verdadera sede nuestra es ese lugar intangible, esa \u201ccasa\u201d en donde habitan los \u201cesp\u00edritus\u201d de todos nuestros colaboradores actuales y los que han pasado durante estos a\u00f1os, y que nos han mantenido en pie y con mucha fe para avanzar hacia un mejor futuro.&nbsp;<\/p>","protected":false},"excerpt":{"rendered":"<p>Despu\u00e9s de un arduo trabajo en nuestra empresa Vega &amp; Jaramillo Comunicaciones, hace unos a\u00f1os logramos reunir un dinero para comprar nuestra propia sede: una casa en el norte de la ciudad. La emoci\u00f3n era muy grande. Hicimos una remodelaci\u00f3n para ajustarla a nuestras necesidades y gustos, y compramos algunos muebles y objetos para que [&#8230;]<\/p>\n<p><a class=\"btn btn-secondary understrap-read-more-link\" href=\"https:\/\/vegayjaramillo.com\/en\/blog\/la-casa-de-los-espiritus\/\">Read More&#8230;<span class=\"screen-reader-text\"> from La casa de los esp\u00edritus<\/span><\/a><\/p>","protected":false},"author":1,"featured_media":451,"comment_status":"open","ping_status":"open","sticky":false,"template":"single-blog.php","format":"standard","meta":{"footnotes":""},"categories":[6],"tags":[],"acf":[],"_links":{"self":[{"href":"https:\/\/vegayjaramillo.com\/en\/wp-json\/wp\/v2\/posts\/449"}],"collection":[{"href":"https:\/\/vegayjaramillo.com\/en\/wp-json\/wp\/v2\/posts"}],"about":[{"href":"https:\/\/vegayjaramillo.com\/en\/wp-json\/wp\/v2\/types\/post"}],"author":[{"embeddable":true,"href":"https:\/\/vegayjaramillo.com\/en\/wp-json\/wp\/v2\/users\/1"}],"replies":[{"embeddable":true,"href":"https:\/\/vegayjaramillo.com\/en\/wp-json\/wp\/v2\/comments?post=449"}],"version-history":[{"count":3,"href":"https:\/\/vegayjaramillo.com\/en\/wp-json\/wp\/v2\/posts\/449\/revisions"}],"predecessor-version":[{"id":454,"href":"https:\/\/vegayjaramillo.com\/en\/wp-json\/wp\/v2\/posts\/449\/revisions\/454"}],"wp:featuredmedia":[{"embeddable":true,"href":"https:\/\/vegayjaramillo.com\/en\/wp-json\/wp\/v2\/media\/451"}],"wp:attachment":[{"href":"https:\/\/vegayjaramillo.com\/en\/wp-json\/wp\/v2\/media?parent=449"}],"wp:term":[{"taxonomy":"category","embeddable":true,"href":"https:\/\/vegayjaramillo.com\/en\/wp-json\/wp\/v2\/categories?post=449"},{"taxonomy":"post_tag","embeddable":true,"href":"https:\/\/vegayjaramillo.com\/en\/wp-json\/wp\/v2\/tags?post=449"}],"curies":[{"name":"wp","href":"https:\/\/api.w.org\/{rel}","templated":true}]}}